{"id":116,"date":"2020-11-06T15:34:53","date_gmt":"2020-11-06T15:34:53","guid":{"rendered":"https:\/\/demo.casethemes.net\/intime\/?p=116"},"modified":"2023-06-09T18:47:32","modified_gmt":"2023-06-09T18:47:32","slug":"we-glad-to-discuss-your-organisations-situation","status":"publish","type":"post","link":"https:\/\/centralconsulting.africa\/index.php\/2020\/11\/06\/we-glad-to-discuss-your-organisations-situation\/","title":{"rendered":"C\u00c9R\u00c9MONIE DE REMISE DES ATTESTATIONS DE FORMATION DES DOCKERS"},"content":{"rendered":"<div class=\"panel-pane pane-entity-field pane-node-field-visuel-actualite\">\n<div class=\"pane-content\">\n<div class=\"field field-name-field-visuel-actualite field-type-image field-label-hidden\">\n<div class=\"field-items\">\n<div class=\"field-item even\"><img decoding=\"async\" class=\"img-responsive\" src=\"https:\/\/www.portdakar.sn\/sites\/default\/files\/whatsapp_image_2023-02-02_at_19.16.32_1.jpeg\" alt=\"\" width=\"1024\" height=\"683\" \/><\/div>\n<\/div>\n<\/div>\n<\/div>\n<\/div>\n<div class=\"panel-separator\"><\/div>\n<div class=\"panel-pane pane-entity-field pane-node-field-description-actualite\">\n<div class=\"pane-content\">\n<div class=\"field field-name-field-description-actualite field-type-text-long field-label-hidden\">\n<div class=\"field-items\">\n<div class=\"field-item even\">\n<p class=\"rtejustify\">La c\u00e9r\u00e9monie de remise des attestations de formation des dockers s\u2019est tenue le mercredi 01 f\u00e9vrier 2023 au grand th\u00e9\u00e2tre, sous la pr\u00e9sence effective de Monsieur le Premier Ministre Amadou BA, des ministres du travail et de la jeunesse et de l\u2019emploi.<\/p>\n<p class=\"rtejustify\">L\u2019\u00e9v\u00e9nement est d\u2019une importance capitale du fait qu\u2019il rentre dans le cadre du renforcement des politiques publiques du pr\u00e9sident Macky Sall sur la question de l\u2019emploi des jeunes et de la lutte contre le ch\u00f4mage des jeunes.Deux mille (2000) jeunes s\u00e9n\u00e9galais ont \u00e9t\u00e9 enr\u00f4l\u00e9 pour permettre la r\u00e9sorption du d\u00e9ficit en main d\u2019\u0153uvre occasionn\u00e9 par le rythme et la cadence imprim\u00e9s par \u00a0le nouveau directeur g\u00e9n\u00e9ral Mountaga Sy \u00e0 travers un Plan d\u2019urgence contre la congestion terrestre et maritime.<\/p>\n<p class=\"rtejustify\">En deux (2) mois, la direction g\u00e9n\u00e9rale a r\u00e9ussi \u00e0 d\u00e9sengorger l\u2019ensemble des quais permettant de faire accoster plus d\u2019une quarantaine de navires.<\/p>\n<p class=\"rtejustify\">C\u2019est dans ce cadre que la direction g\u00e9n\u00e9rale du Port autonome de Dakar, en partenariat avec les deux bureaux d\u2019embauche, le Syndicat des Auxiliaires de Transport du S\u00e9n\u00e9gal (SATS) et le Syndicat des Entreprises de Manutention des Ports du S\u00e9n\u00e9gal (SEMPOS), ont \u00e9t\u00e9 enr\u00f4l\u00e9 depuis le 02 janvier 2023. Ces jeunes sont form\u00e9s par le CFMPL avec l\u2019appui financier de 3 FPT et du PAD.<\/p>\n<p class=\"rtejustify\"><img decoding=\"async\" src=\"https:\/\/www.portdakar.sn\/sites\/default\/files\/whatsapp_image_2023-02-02_at_19.16.32.jpeg\" alt=\"\" \/><\/p>\n<p class=\"rtejustify\"><img decoding=\"async\" src=\"https:\/\/www.portdakar.sn\/sites\/default\/files\/whatsapp_image_2023-02-02_at_19.16.33_2.jpeg\" alt=\"\" \/><\/p>\n<p class=\"rtejustify\"><img decoding=\"async\" src=\"https:\/\/www.portdakar.sn\/sites\/default\/files\/whatsapp_image_2023-02-02_at_19.16.33.jpeg\" alt=\"\" \/><\/p>\n<\/div>\n<\/div>\n<\/div>\n<\/div>\n<\/div>\n","protected":false},"excerpt":{"rendered":"<p>La c\u00e9r\u00e9monie de remise des attestations de formation des dockers s\u2019est tenue le mercredi 01 f\u00e9vrier 2023 au grand th\u00e9\u00e2tre, sous la pr\u00e9sence effective de Monsieur le Premier Ministre Amadou BA, des ministres du travail et de la jeunesse et de l\u2019emploi.<\/p>\n","protected":false},"author":1,"featured_media":6861,"comment_status":"open","ping_status":"open","sticky":false,"template":"","format":"standard","meta":[],"categories":[2],"tags":[8,9],"_links":{"self":[{"href":"https:\/\/centralconsulting.africa\/index.php\/wp-json\/wp\/v2\/posts\/116"}],"collection":[{"href":"https:\/\/centralconsulting.africa\/index.php\/wp-json\/wp\/v2\/posts"}],"about":[{"href":"https:\/\/centralconsulting.africa\/index.php\/wp-json\/wp\/v2\/types\/post"}],"author":[{"embeddable":true,"href":"https:\/\/centralconsulting.africa\/index.php\/wp-json\/wp\/v2\/users\/1"}],"replies":[{"embeddable":true,"href":"https:\/\/centralconsulting.africa\/index.php\/wp-json\/wp\/v2\/comments?post=116"}],"version-history":[{"count":2,"href":"https:\/\/centralconsulting.africa\/index.php\/wp-json\/wp\/v2\/posts\/116\/revisions"}],"predecessor-version":[{"id":6873,"href":"https:\/\/centralconsulting.africa\/index.php\/wp-json\/wp\/v2\/posts\/116\/revisions\/6873"}],"wp:featuredmedia":[{"embeddable":true,"href":"https:\/\/centralconsulting.africa\/index.php\/wp-json\/wp\/v2\/media\/6861"}],"wp:attachment":[{"href":"https:\/\/centralconsulting.africa\/index.php\/wp-json\/wp\/v2\/media?parent=116"}],"wp:term":[{"taxonomy":"category","embeddable":true,"href":"https:\/\/centralconsulting.africa\/index.php\/wp-json\/wp\/v2\/categories?post=116"},{"taxonomy":"post_tag","embeddable":true,"href":"https:\/\/centralconsulting.africa\/index.php\/wp-json\/wp\/v2\/tags?post=116"}],"curies":[{"name":"wp","href":"https:\/\/api.w.org\/{rel}","templated":true}]}}