{"id":110,"date":"2020-10-06T15:32:32","date_gmt":"2020-10-06T15:32:32","guid":{"rendered":"https:\/\/demo.casethemes.net\/intime\/?p=110"},"modified":"2023-06-09T18:47:40","modified_gmt":"2023-06-09T18:47:40","slug":"you-can-use-it-for-any-kind-website-like","status":"publish","type":"post","link":"https:\/\/centralconsulting.africa\/index.php\/2020\/10\/06\/you-can-use-it-for-any-kind-website-like\/","title":{"rendered":"RENFORCEMENT DE LA COOP\u00c9RATION S\u00c9N\u00c9GALO-MALIENNE"},"content":{"rendered":"<div class=\"panel-pane pane-entity-field pane-node-field-visuel-actualite\">\n<div class=\"pane-content\">\n<div class=\"field field-name-field-visuel-actualite field-type-image field-label-hidden\">\n<div class=\"field-items\">\n<div class=\"field-item even\"><img decoding=\"async\" class=\"img-responsive\" src=\"https:\/\/www.portdakar.sn\/sites\/default\/files\/delegation_ministre_transport3.jpg\" alt=\"\" width=\"1024\" height=\"576\" \/><\/div>\n<\/div>\n<\/div>\n<\/div>\n<\/div>\n<div class=\"panel-separator\"><\/div>\n<div class=\"panel-pane pane-entity-field pane-node-field-description-actualite\">\n<div class=\"pane-content\">\n<div class=\"field field-name-field-description-actualite field-type-text-long field-label-hidden\">\n<div class=\"field-items\">\n<div class=\"field-item even\">\n<p class=\"rtejustify\">Mme Dembele Madina SISSOKHO Ministre des Transports a visit\u00e9 le Port Autonome de Dakar, dans le cadre du renforcement de la coop\u00e9ration S\u00e9n\u00e9galo-Malienne, pour la relance de la ligne des chemins de fer Dakar-Bamako. Elle a \u00e9galement magnifi\u00e9 la r\u00e9habilitation du M\u00f4le 3 Hamacir\u00e9 Ndour\u00e9. Pour rappel, le Mole 3 d\u00e9di\u00e9 exclusivement au transit malien est g\u00e9r\u00e9 par les Entrep\u00f4ts maliens au S\u00e9n\u00e9gal depuis les accords de coop\u00e9ration liant les deux pays sign\u00e9s en 1963. Le port de Dakar prend en charge pr\u00e8s de 70 pour cent du transit malien.<\/p>\n<p><img decoding=\"async\" src=\"https:\/\/www.portdakar.sn\/sites\/default\/files\/delegation_ministre_transport1.jpg\" alt=\"\" \/><\/p>\n<p><img decoding=\"async\" src=\"https:\/\/www.portdakar.sn\/sites\/default\/files\/delegation_ministre_transport_2.jpg\" alt=\"\" \/><\/p>\n<\/div>\n<\/div>\n<\/div>\n<\/div>\n<\/div>\n","protected":false},"excerpt":{"rendered":"<p>Mme Dembele Madina SISSOKHO Ministre des Transports a visit\u00e9 le Port Autonome de Dakar, dans le cadre du renforcement de la coop\u00e9ration S\u00e9n\u00e9galo-Malienne, pour la relance de la ligne des chemins de fer Dakar-Bamako. Elle a \u00e9galement magnifi\u00e9 la r\u00e9habilitation du M\u00f4le 3 Hamacir\u00e9 Ndour\u00e9. Pour rappel, le Mole 3 d\u00e9di\u00e9 exclusivement au transit malien est g\u00e9r\u00e9 par les Entrep\u00f4ts maliens au S\u00e9n\u00e9gal depuis les accords de coop\u00e9ration liant les deux pays sign\u00e9s en 1963. Le port de Dakar prend en charge pr\u00e8s de 70 pour cent du transit malien.<\/p>\n","protected":false},"author":1,"featured_media":6866,"comment_status":"open","ping_status":"open","sticky":false,"template":"","format":"standard","meta":[],"categories":[3],"tags":[7,8],"_links":{"self":[{"href":"https:\/\/centralconsulting.africa\/index.php\/wp-json\/wp\/v2\/posts\/110"}],"collection":[{"href":"https:\/\/centralconsulting.africa\/index.php\/wp-json\/wp\/v2\/posts"}],"about":[{"href":"https:\/\/centralconsulting.africa\/index.php\/wp-json\/wp\/v2\/types\/post"}],"author":[{"embeddable":true,"href":"https:\/\/centralconsulting.africa\/index.php\/wp-json\/wp\/v2\/users\/1"}],"replies":[{"embeddable":true,"href":"https:\/\/centralconsulting.africa\/index.php\/wp-json\/wp\/v2\/comments?post=110"}],"version-history":[{"count":2,"href":"https:\/\/centralconsulting.africa\/index.php\/wp-json\/wp\/v2\/posts\/110\/revisions"}],"predecessor-version":[{"id":6875,"href":"https:\/\/centralconsulting.africa\/index.php\/wp-json\/wp\/v2\/posts\/110\/revisions\/6875"}],"wp:featuredmedia":[{"embeddable":true,"href":"https:\/\/centralconsulting.africa\/index.php\/wp-json\/wp\/v2\/media\/6866"}],"wp:attachment":[{"href":"https:\/\/centralconsulting.africa\/index.php\/wp-json\/wp\/v2\/media?parent=110"}],"wp:term":[{"taxonomy":"category","embeddable":true,"href":"https:\/\/centralconsulting.africa\/index.php\/wp-json\/wp\/v2\/categories?post=110"},{"taxonomy":"post_tag","embeddable":true,"href":"https:\/\/centralconsulting.africa\/index.php\/wp-json\/wp\/v2\/tags?post=110"}],"curies":[{"name":"wp","href":"https:\/\/api.w.org\/{rel}","templated":true}]}}